{"id":11345,"date":"2022-03-30T13:29:07","date_gmt":"2022-03-30T11:29:07","guid":{"rendered":"https:\/\/www.innovatiefnederland.nl\/nieuws\/?p=11345"},"modified":"2023-08-10T10:03:42","modified_gmt":"2023-08-10T08:03:42","slug":"die-wahre-geschichte-luzifers-gesprach-mit-sironjas-teil-1","status":"publish","type":"post","link":"https:\/\/www.innovatiefnederland.nl\/nieuws\/nieuws\/nieuws-uit-buitenland\/die-wahre-geschichte-luzifers-gesprach-mit-sironjas-teil-1\/","title":{"rendered":"Die wahre Geschichte Luzifers | Gespr\u00e4ch mit Sironjas | Teil 1"},"content":{"rendered":"\n<h4 class=\"style-scope ytd-watch-metadata\"><a href=\"https:\/\/i0.wp.com\/www.innovatiefnederland.nl\/nieuws\/wp-content\/uploads\/2022\/03\/Luzifer1.jpg?ssl=1\"><img data-recalc-dims=\"1\" loading=\"lazy\" decoding=\"async\" class=\"alignright  wp-image-11346\" src=\"https:\/\/i0.wp.com\/www.innovatiefnederland.nl\/nieuws\/wp-content\/uploads\/2022\/03\/Luzifer1.jpg?resize=471%2C266&#038;ssl=1\" alt=\"\" width=\"471\" height=\"266\" srcset=\"https:\/\/i0.wp.com\/www.innovatiefnederland.nl\/nieuws\/wp-content\/uploads\/2022\/03\/Luzifer1.jpg?resize=600%2C339&amp;ssl=1 600w, https:\/\/i0.wp.com\/www.innovatiefnederland.nl\/nieuws\/wp-content\/uploads\/2022\/03\/Luzifer1.jpg?resize=768%2C433&amp;ssl=1 768w, https:\/\/i0.wp.com\/www.innovatiefnederland.nl\/nieuws\/wp-content\/uploads\/2022\/03\/Luzifer1.jpg?w=840&amp;ssl=1 840w\" sizes=\"auto, (max-width: 471px) 100vw, 471px\" \/><\/a>Die wahre Geschichte Luzifers | Gespr\u00e4ch mit Sironjas | Teil 1<\/h4>\n<h4 class=\"style-scope ytd-watch-metadata\">Die wahre Geschichte Luzifers | Gespr\u00e4ch mit Sironjas | Teil 1<\/h4>\n<hr \/>\n<p><strong>Die wahre Geschichte Luzifers | Gespr\u00e4ch mit Sironjas<\/strong><\/p>\n<p>Ein Gespr\u00e4ch mit Sironjas \u00fcber die wahre Geschichte des gefallenen Engel Luzifers.<br \/>Was sind die vier gr\u00f6\u00dften Versuchungen Luzifers?<br \/>Was sind Fremdenergien und in welchem Zusammenhang stehen sie mit den Schattenkr\u00e4ften? Wie kann ich eigene Fremdenergien erkennen und mich davor sch\u00fctzen?<\/p>\n<p>0:01:00 &#8211; Fremdenergien \/ 40 Tage in der W\u00fcste <br \/>0:39:39 &#8211; Abwehr und Schutz vor Fremdenergien<br \/>0:45:34 &#8211; Anleitung f\u00fcrt die R\u00fcstung Gottes<br \/>0:53:46 &#8211; Die 4 Ebenen von Fremdenergien<br \/>0:59:52 &#8211; Das Reinigungsgebet<\/p>\n<p>\u00a0<\/p>\n<p>Befreiung von Fremdenergien mit Nama&#8217;Des&#8217;Taroos: <\/p>\n<p>Meine Webseite: <a href=\"https:\/\/www.solveheilerin.de\/\" target=\"_blank\" rel=\"noopener\">https:\/\/www.solveheilerin.de\/<\/a><\/p>\n<p>Solve auf Facebook: <a href=\"https:\/\/www.facebook.com\/Solveheilerin\" target=\"_blank\" rel=\"noopener\">https:\/\/www.facebook.com\/Solveheilerin<\/a><\/p>\n<p><iframe loading=\"lazy\" title=\"Die wahre Geschichte Luzifers | Gespr\u00e4ch mit Sironjas | Teil 1\" width=\"1170\" height=\"658\" src=\"https:\/\/www.youtube.com\/embed\/cvlMDCJPeYY?feature=oembed\" frameborder=\"0\" allow=\"accelerometer; autoplay; clipboard-write; encrypted-media; gyroscope; picture-in-picture\" allowfullscreen><\/iframe><\/p>\n<p>\u00a0<\/p>\n<p>\u00a0<\/p>\n<p><iframe loading=\"lazy\" id=\"odysee-iframe\" src=\"https:\/\/odysee.com\/$\/embed\/@transformation:f\/Die-wahre-Geschichte-Luzifers-und-seine-Zukunft--Teil-1:f?r=3pTmZxKygoRVZUj52371Gxsv4JUUzBuP\" width=\"560\" height=\"315\" allowfullscreen=\"allowfullscreen\" data-mce-fragment=\"1\"><\/iframe><\/p>\n<p>\u2026 oder hier ein\u00a0<a href=\"https:\/\/odysee.com\/@transformation:f\/Die-wahre-Geschichte-Luzifers-und-seine-Zukunft--Teil-1:f\" target=\"_blank\" rel=\"noopener\">Link zur Videoplattform: Odysee<\/a><\/p>\n<p>\u00a0<\/p>\n","protected":false},"excerpt":{"rendered":"<p>Die wahre Geschichte Luzifers | Gespr\u00e4ch mit Sironjas | Teil 1 Die wahre Geschichte Luzifers | Gespr\u00e4ch mit Sironjas | Teil 1 Die wahre Geschichte Luzifers | Gespr\u00e4ch mit Sironjas Ein Gespr\u00e4ch mit Sironjas \u00fcber die wahre Geschichte des gefallenen Engel Luzifers.Was sind die vier gr\u00f6\u00dften Versuchungen Luzifers?Was sind Fremdenergien und in welchem Zusammenhang stehen [&hellip;]<\/p>\n","protected":false},"author":1,"featured_media":11346,"comment_status":"open","ping_status":"closed","sticky":false,"template":"","format":"standard","meta":{"_monsterinsights_skip_tracking":false,"_monsterinsights_sitenote_active":false,"_monsterinsights_sitenote_note":"","_monsterinsights_sitenote_category":0,"jetpack_post_was_ever_published":false,"_jetpack_newsletter_access":"","_jetpack_dont_email_post_to_subs":false,"_jetpack_newsletter_tier_id":0,"_jetpack_memberships_contains_paywalled_content":false,"_jetpack_memberships_contains_paid_content":false,"footnotes":""},"categories":[162,572,573,13,34,14],"tags":[685,1129,688,686,1130],"class_list":{"0":"post-11345","1":"post","2":"type-post","3":"status-publish","4":"format-standard","5":"has-post-thumbnail","7":"category-frontpage","8":"category-academy","9":"category-academy-niveau-1","10":"category-nieuws-uit-buitenland","11":"category-nieuws-uit-hogere-dimensies","12":"category-spiritualiteit","13":"tag-asuras","14":"tag-bezettingen","15":"tag-lucifer","16":"tag-sironjas","17":"tag-vervloekingen","18":"czr-hentry"},"aioseo_notices":[],"jetpack_featured_media_url":"https:\/\/i0.wp.com\/www.innovatiefnederland.nl\/nieuws\/wp-content\/uploads\/2022\/03\/Luzifer1.jpg?fit=840%2C474&ssl=1","jetpack-related-posts":[{"id":11551,"url":"https:\/\/www.innovatiefnederland.nl\/nieuws\/nieuws\/die-wahre-geschichte-luzifers-gesprach-mit-sironjas-teil-2\/","url_meta":{"origin":11345,"position":0},"title":"Die wahre Geschichte Luzifers | Gespr\u00e4ch mit Sironjas | Teil 2","author":"Jurgen Weber","date":"31 maart 2022","format":false,"excerpt":"Die wahre Geschichte Luzifers | Gespr\u00e4ch mit Sironjas | Teil 2 Die wahre Geschichte Luzifers | Gespr\u00e4ch mit Sironjas | Teil 2 Die wahre Geschichte Luzifers | Gespr\u00e4ch mit Sironjas | Teil 2 Wie erhalte ich Hilfe bei der Befreiung von Fremdenergien? Was sind die 4 Matrizen und wie h\u00e4ngen\u2026","rel":"","context":"In &quot;AA-Frontpage&quot;","block_context":{"text":"AA-Frontpage","link":"https:\/\/www.innovatiefnederland.nl\/nieuws\/category\/frontpage\/"},"img":{"alt_text":"","src":"https:\/\/i0.wp.com\/www.innovatiefnederland.nl\/nieuws\/wp-content\/uploads\/2022\/03\/Luzifer2.jpg?fit=839%2C473&ssl=1&resize=350%2C200","width":350,"height":200,"srcset":"https:\/\/i0.wp.com\/www.innovatiefnederland.nl\/nieuws\/wp-content\/uploads\/2022\/03\/Luzifer2.jpg?fit=839%2C473&ssl=1&resize=350%2C200 1x, https:\/\/i0.wp.com\/www.innovatiefnederland.nl\/nieuws\/wp-content\/uploads\/2022\/03\/Luzifer2.jpg?fit=839%2C473&ssl=1&resize=525%2C300 1.5x, https:\/\/i0.wp.com\/www.innovatiefnederland.nl\/nieuws\/wp-content\/uploads\/2022\/03\/Luzifer2.jpg?fit=839%2C473&ssl=1&resize=700%2C400 2x"},"classes":[]},{"id":12122,"url":"https:\/\/www.innovatiefnederland.nl\/nieuws\/nieuws\/die-besondere-rolle-des-deutschsprachigen-raumes-teil-2-gesprach-mit-sironjas\/","url_meta":{"origin":11345,"position":1},"title":"Die besondere Rolle des deutschsprachigen Raumes | Teil 2 | Gespr\u00e4ch mit Sironjas","author":"Jurgen Weber","date":"2 mei 2022","format":false,"excerpt":"Die besondere Rolle des deutschsprachigen Raumes | Teil 2 | Gespr\u00e4ch mit Sironjas Die besondere Rolle des deutschsprachigen Raumes | Teil 2 | Gespr\u00e4ch mit Sironjas https:\/\/youtu.be\/Ktccu9TSAIE","rel":"","context":"In &quot;AA-Frontpage&quot;","block_context":{"text":"AA-Frontpage","link":"https:\/\/www.innovatiefnederland.nl\/nieuws\/category\/frontpage\/"},"img":{"alt_text":"","src":"https:\/\/i0.wp.com\/www.innovatiefnederland.nl\/nieuws\/wp-content\/uploads\/2022\/05\/die-besondere-rolle-ddr2.jpg?fit=869%2C662&ssl=1&resize=350%2C200","width":350,"height":200,"srcset":"https:\/\/i0.wp.com\/www.innovatiefnederland.nl\/nieuws\/wp-content\/uploads\/2022\/05\/die-besondere-rolle-ddr2.jpg?fit=869%2C662&ssl=1&resize=350%2C200 1x, https:\/\/i0.wp.com\/www.innovatiefnederland.nl\/nieuws\/wp-content\/uploads\/2022\/05\/die-besondere-rolle-ddr2.jpg?fit=869%2C662&ssl=1&resize=525%2C300 1.5x, https:\/\/i0.wp.com\/www.innovatiefnederland.nl\/nieuws\/wp-content\/uploads\/2022\/05\/die-besondere-rolle-ddr2.jpg?fit=869%2C662&ssl=1&resize=700%2C400 2x"},"classes":[]},{"id":12112,"url":"https:\/\/www.innovatiefnederland.nl\/nieuws\/nieuws\/die-besondere-rolle-des-deutschsprachigen-raumes-teil-1-gesprach-mit-sironjas\/","url_meta":{"origin":11345,"position":2},"title":"Die besondere Rolle des deutschsprachigen Raumes | Teil 1 | Gespr\u00e4ch mit Sironjas","author":"Jurgen Weber","date":"1 mei 2022","format":false,"excerpt":"Die besondere Rolle des deutschsprachigen Raumes | Teil 1 | Gespr\u00e4ch mit Sironjas Die besondere Rolle des deutschsprachigen Raumes | Teil 1 | Gespr\u00e4ch mit Sironjas \u00a0 \u00a0 \u00a0 \u00a0 \u00a0 Das Video ist auf YouTube nicht mehr verf\u00fcgbar. Hier is noch ein Link nach Videoplattform Odysee: Hier klikken","rel":"","context":"In &quot;AA-Frontpage&quot;","block_context":{"text":"AA-Frontpage","link":"https:\/\/www.innovatiefnederland.nl\/nieuws\/category\/frontpage\/"},"img":{"alt_text":"","src":"https:\/\/i0.wp.com\/www.innovatiefnederland.nl\/nieuws\/wp-content\/uploads\/2022\/05\/die-besondere-rolle-ddr.jpg?fit=833%2C477&ssl=1&resize=350%2C200","width":350,"height":200,"srcset":"https:\/\/i0.wp.com\/www.innovatiefnederland.nl\/nieuws\/wp-content\/uploads\/2022\/05\/die-besondere-rolle-ddr.jpg?fit=833%2C477&ssl=1&resize=350%2C200 1x, https:\/\/i0.wp.com\/www.innovatiefnederland.nl\/nieuws\/wp-content\/uploads\/2022\/05\/die-besondere-rolle-ddr.jpg?fit=833%2C477&ssl=1&resize=525%2C300 1.5x, https:\/\/i0.wp.com\/www.innovatiefnederland.nl\/nieuws\/wp-content\/uploads\/2022\/05\/die-besondere-rolle-ddr.jpg?fit=833%2C477&ssl=1&resize=700%2C400 2x"},"classes":[]},{"id":11158,"url":"https:\/\/www.innovatiefnederland.nl\/nieuws\/nieuws\/marz-2022-sironjas-beantwortet-eure-fragen-zu-spiritualitat-und-weltgeschehen\/","url_meta":{"origin":11345,"position":3},"title":"M\u00e4rz 2022: Sironjas beantwortet Eure Fragen zu Spiritualit\u00e4t und Weltgeschehen!","author":"Jurgen Weber","date":"8 maart 2022","format":false,"excerpt":"M\u00e4rz 2022: Sironjas beantwortet Eure Fragen zu Spiritualit\u00e4t und Weltgeschehen! M\u00e4rz 2022: Sironjas beantwortet Eure Fragen zu Spiritualit\u00e4t und Weltgeschehen! \u00a0 \u00a0 \u00a0 \u00a0 Befreiung von Fremdenergien mit Nama\u2019Des\u2019Taroos:https:\/\/www.daniela-estellania.com\/na\u2026 Aktuelle Videos mit Sironjas:Die Herrschaft des Tieres 666 und sein Endehttps:\/\/t.me\/SironjasTV\/316 Der Plan GOTTES f\u00fcr Erde und Menschheithttps:\/\/t.me\/SironjasTV\/325 Die innere Struktur\u2026","rel":"","context":"In &quot;AA-Frontpage&quot;","block_context":{"text":"AA-Frontpage","link":"https:\/\/www.innovatiefnederland.nl\/nieuws\/category\/frontpage\/"},"img":{"alt_text":"","src":"https:\/\/i0.wp.com\/www.innovatiefnederland.nl\/nieuws\/wp-content\/uploads\/2022\/03\/sironjas-live.jpg?fit=888%2C463&ssl=1&resize=350%2C200","width":350,"height":200,"srcset":"https:\/\/i0.wp.com\/www.innovatiefnederland.nl\/nieuws\/wp-content\/uploads\/2022\/03\/sironjas-live.jpg?fit=888%2C463&ssl=1&resize=350%2C200 1x, https:\/\/i0.wp.com\/www.innovatiefnederland.nl\/nieuws\/wp-content\/uploads\/2022\/03\/sironjas-live.jpg?fit=888%2C463&ssl=1&resize=525%2C300 1.5x, https:\/\/i0.wp.com\/www.innovatiefnederland.nl\/nieuws\/wp-content\/uploads\/2022\/03\/sironjas-live.jpg?fit=888%2C463&ssl=1&resize=700%2C400 2x"},"classes":[]},{"id":12799,"url":"https:\/\/www.innovatiefnederland.nl\/nieuws\/nieuws\/juni-2022-sironjas-beantwortet-eure-fragen-zu-spiritualitat-und-weltgeschehen\/","url_meta":{"origin":11345,"position":4},"title":"Juni 2022: Sironjas beantwortet Eure Fragen zu Spiritualit\u00e4t und Weltgeschehen!","author":"Jurgen Weber","date":"9 juni 2022","format":false,"excerpt":"Juni 2022: Sironjas beantwortet Eure Fragen zu Spiritualit\u00e4t und Weltgeschehen! Juni 2022: Sironjas beantwortet Eure Fragen zu Spiritualit\u00e4t und Weltgeschehen! Telegram ist das Hauptmedium von SironjasTV: https:\/\/t.me\/SironjasTVWenn Du von SironjasTV nichts mehr verpassen willst, dann abonniere SironjasTV auf Telegram! 00:02:00 - Begr\u00fc\u00dfung00:02:40 - Kann man Sironjas auch vorab Fragen f\u00fcr\u2026","rel":"","context":"In &quot;AA-Frontpage&quot;","block_context":{"text":"AA-Frontpage","link":"https:\/\/www.innovatiefnederland.nl\/nieuws\/category\/frontpage\/"},"img":{"alt_text":"","src":"https:\/\/i0.wp.com\/www.innovatiefnederland.nl\/nieuws\/wp-content\/uploads\/2022\/06\/sironjas10.jpg?fit=841%2C633&ssl=1&resize=350%2C200","width":350,"height":200,"srcset":"https:\/\/i0.wp.com\/www.innovatiefnederland.nl\/nieuws\/wp-content\/uploads\/2022\/06\/sironjas10.jpg?fit=841%2C633&ssl=1&resize=350%2C200 1x, https:\/\/i0.wp.com\/www.innovatiefnederland.nl\/nieuws\/wp-content\/uploads\/2022\/06\/sironjas10.jpg?fit=841%2C633&ssl=1&resize=525%2C300 1.5x, https:\/\/i0.wp.com\/www.innovatiefnederland.nl\/nieuws\/wp-content\/uploads\/2022\/06\/sironjas10.jpg?fit=841%2C633&ssl=1&resize=700%2C400 2x"},"classes":[]},{"id":13693,"url":"https:\/\/www.innovatiefnederland.nl\/nieuws\/nieuws\/was-fuhrt-elon-musk-im-schilde-brisante-analyse-mit-sironjas\/","url_meta":{"origin":11345,"position":5},"title":"Was f\u00fchrt Elon Musk im Schilde? (Brisante Analyse mit Sironjas)","author":"Jurgen Weber","date":"30 juli 2022","format":false,"excerpt":"Was f\u00fchrt Elon Musk im Schilde? (Brisante Analyse mit Sironjas) Was f\u00fchrt Elon Musk im Schilde? (Brisante Analyse mit Sironjas) Sironjas \u00e4u\u00dfert sich in diesem Interview \u00fcber Elon Musk und seine Rolle im Weltgeschehen. (Ist er etwa ein White-Hat?) Weiter besprechen wir die Frage, wie es dazu kommen konnte, dass\u2026","rel":"","context":"In &quot;AA-Frontpage&quot;","block_context":{"text":"AA-Frontpage","link":"https:\/\/www.innovatiefnederland.nl\/nieuws\/category\/frontpage\/"},"img":{"alt_text":"","src":"https:\/\/i0.wp.com\/www.innovatiefnederland.nl\/nieuws\/wp-content\/uploads\/2022\/07\/elyon-musk.jpg?fit=845%2C477&ssl=1&resize=350%2C200","width":350,"height":200,"srcset":"https:\/\/i0.wp.com\/www.innovatiefnederland.nl\/nieuws\/wp-content\/uploads\/2022\/07\/elyon-musk.jpg?fit=845%2C477&ssl=1&resize=350%2C200 1x, https:\/\/i0.wp.com\/www.innovatiefnederland.nl\/nieuws\/wp-content\/uploads\/2022\/07\/elyon-musk.jpg?fit=845%2C477&ssl=1&resize=525%2C300 1.5x, https:\/\/i0.wp.com\/www.innovatiefnederland.nl\/nieuws\/wp-content\/uploads\/2022\/07\/elyon-musk.jpg?fit=845%2C477&ssl=1&resize=700%2C400 2x"},"classes":[]}],"jetpack_sharing_enabled":true,"jetpack_likes_enabled":true,"_links":{"self":[{"href":"https:\/\/www.innovatiefnederland.nl\/nieuws\/wp-json\/wp\/v2\/posts\/11345","targetHints":{"allow":["GET"]}}],"collection":[{"href":"https:\/\/www.innovatiefnederland.nl\/nieuws\/wp-json\/wp\/v2\/posts"}],"about":[{"href":"https:\/\/www.innovatiefnederland.nl\/nieuws\/wp-json\/wp\/v2\/types\/post"}],"author":[{"embeddable":true,"href":"https:\/\/www.innovatiefnederland.nl\/nieuws\/wp-json\/wp\/v2\/users\/1"}],"replies":[{"embeddable":true,"href":"https:\/\/www.innovatiefnederland.nl\/nieuws\/wp-json\/wp\/v2\/comments?post=11345"}],"version-history":[{"count":3,"href":"https:\/\/www.innovatiefnederland.nl\/nieuws\/wp-json\/wp\/v2\/posts\/11345\/revisions"}],"predecessor-version":[{"id":18793,"href":"https:\/\/www.innovatiefnederland.nl\/nieuws\/wp-json\/wp\/v2\/posts\/11345\/revisions\/18793"}],"wp:featuredmedia":[{"embeddable":true,"href":"https:\/\/www.innovatiefnederland.nl\/nieuws\/wp-json\/wp\/v2\/media\/11346"}],"wp:attachment":[{"href":"https:\/\/www.innovatiefnederland.nl\/nieuws\/wp-json\/wp\/v2\/media?parent=11345"}],"wp:term":[{"taxonomy":"category","embeddable":true,"href":"https:\/\/www.innovatiefnederland.nl\/nieuws\/wp-json\/wp\/v2\/categories?post=11345"},{"taxonomy":"post_tag","embeddable":true,"href":"https:\/\/www.innovatiefnederland.nl\/nieuws\/wp-json\/wp\/v2\/tags?post=11345"}],"curies":[{"name":"wp","href":"https:\/\/api.w.org\/{rel}","templated":true}]}}