{"id":16778,"date":"2023-02-20T10:32:20","date_gmt":"2023-02-20T09:32:20","guid":{"rendered":"https:\/\/www.innovatiefnederland.nl\/nieuws\/?p=16778"},"modified":"2023-02-20T10:42:54","modified_gmt":"2023-02-20T09:42:54","slug":"mehr-licht-und-flow-summit-christina-von-dreien","status":"publish","type":"post","link":"https:\/\/www.innovatiefnederland.nl\/nieuws\/nieuws\/mehr-licht-und-flow-summit-christina-von-dreien\/","title":{"rendered":"Mehr Licht und flow summit! | Christina von Dreien"},"content":{"rendered":"\n<h1 style=\"text-align: left;\"><span style=\"color: revert; font-size: revert; text-align: left;\">Ihr Lieben,<\/span><\/h1>\n<p><strong><a href=\"https:\/\/i0.wp.com\/www.innovatiefnederland.nl\/nieuws\/wp-content\/uploads\/2023\/02\/Christina-von-Dreien23-1.jpg?ssl=1\"><img data-recalc-dims=\"1\" loading=\"lazy\" decoding=\"async\" class=\"alignright  wp-image-16780\" src=\"https:\/\/i0.wp.com\/www.innovatiefnederland.nl\/nieuws\/wp-content\/uploads\/2023\/02\/Christina-von-Dreien23-1.jpg?resize=501%2C332&#038;ssl=1\" alt=\"\" width=\"501\" height=\"332\" srcset=\"https:\/\/i0.wp.com\/www.innovatiefnederland.nl\/nieuws\/wp-content\/uploads\/2023\/02\/Christina-von-Dreien23-1.jpg?resize=600%2C398&amp;ssl=1 600w, https:\/\/i0.wp.com\/www.innovatiefnederland.nl\/nieuws\/wp-content\/uploads\/2023\/02\/Christina-von-Dreien23-1.jpg?resize=90%2C60&amp;ssl=1 90w, https:\/\/i0.wp.com\/www.innovatiefnederland.nl\/nieuws\/wp-content\/uploads\/2023\/02\/Christina-von-Dreien23-1.jpg?resize=136%2C90&amp;ssl=1 136w, https:\/\/i0.wp.com\/www.innovatiefnederland.nl\/nieuws\/wp-content\/uploads\/2023\/02\/Christina-von-Dreien23-1.jpg?w=650&amp;ssl=1 650w\" sizes=\"auto, (max-width: 501px) 100vw, 501px\" \/><\/a>Wenn wir mehr Licht verbreiten wollen, m\u00fcssen wir nicht unbedingt etwas &#8220;Au\u00dfergew\u00f6hnliches&#8221; tun.<\/strong><br \/><br \/><strong>Wir k\u00f6nnen in unserem Alltag mehr Licht verbreiten, in dem wir bei den &#8220;kleinen&#8221; Dingen anfangen. Diese &#8220;kleinen&#8221; Dinge k\u00f6nnen dann wiederum andere Menschen dazu inspirieren, das Gleiche zu tun.<\/strong><br \/><br \/>Wir k\u00f6nnen z.B. :<br \/><br \/>\ud83c\udf38Einen Menschen anl\u00e4cheln, einfach so.<br \/><br \/>\ud83c\udf38Jemanden fragen, wie es ihm geht und ihm wirklich zuh\u00f6ren.<br \/><br \/>\ud83c\udf38Tieren helfen, die unsere Hilfe brauchen.<br \/><br \/>\ud83c\udf38Danke sagen &#8211; manchmal einfach innerlich &#8211; f\u00fcr alles, was wir haben, auch f\u00fcr scheinbar Selbstvert\u00e4ndliches.<br \/><br \/>\ud83c\udf38Mit anderen Menschen Gespr\u00e4che f\u00fchren, die inspirierend sind und mehr Tiefe haben, z.B. \u00fcber die Frage reden, was einen gl\u00fccklich macht oder worin man den Sinn des Lebens sieht.<br \/><br \/>\ud83c\udf38Sich selbst etwas Gutes tun oder sich selbst umarmen, besonnders dann, wenn es einem gerade nicht gut geht.<br \/><br \/>\ud83c\udf38Seinen eigenen Weg finden und nicht blind den Erwartungen und Vorstellungen der Gesellschaft folgen. Das tut uns gut und wir zeigen dadurch anderen Menschen, dass es noch mehr gibt als die aktuellen allgemeinen Vorstellungen.<br \/>&#8230;.<br \/><br \/>\ud83c\udf38 Erweitere diese Liste durch Punkte, die sich f\u00fcr dich richtig anf\u00fchlen.\u2728\u2728\u2728\ud83d\udc97<\/p>\n<h1>Eure Christina<\/h1>\n<hr \/>\n<p style=\"text-align: center;\">\u00a0<\/p>\n<h4 style=\"text-align: center;\"><br \/>Jetzt kostenlos anmelden!<\/h4>\n<p><a href=\"https:\/\/i0.wp.com\/www.innovatiefnederland.nl\/nieuws\/wp-content\/uploads\/2023\/02\/Christina-von-Dreien24.jpg?ssl=1\"><img data-recalc-dims=\"1\" loading=\"lazy\" decoding=\"async\" class=\"aligncenter wp-image-16781 size-medium\" src=\"https:\/\/i0.wp.com\/www.innovatiefnederland.nl\/nieuws\/wp-content\/uploads\/2023\/02\/Christina-von-Dreien24.jpg?resize=600%2C283&#038;ssl=1\" alt=\"\" width=\"600\" height=\"283\" srcset=\"https:\/\/i0.wp.com\/www.innovatiefnederland.nl\/nieuws\/wp-content\/uploads\/2023\/02\/Christina-von-Dreien24.jpg?resize=600%2C283&amp;ssl=1 600w, https:\/\/i0.wp.com\/www.innovatiefnederland.nl\/nieuws\/wp-content\/uploads\/2023\/02\/Christina-von-Dreien24.jpg?resize=127%2C60&amp;ssl=1 127w, https:\/\/i0.wp.com\/www.innovatiefnederland.nl\/nieuws\/wp-content\/uploads\/2023\/02\/Christina-von-Dreien24.jpg?resize=191%2C90&amp;ssl=1 191w, https:\/\/i0.wp.com\/www.innovatiefnederland.nl\/nieuws\/wp-content\/uploads\/2023\/02\/Christina-von-Dreien24.jpg?w=650&amp;ssl=1 650w\" sizes=\"auto, (max-width: 600px) 100vw, 600px\" \/><\/a><\/p>\n<h4 style=\"text-align: center;\">Es ist soweit:<\/h4>\n<h3 style=\"text-align: center;\">Das gr\u00f6\u00dfte spirituelle Online-Event Europas startet bald zum siebten Mal und ich bin auch mit dabei!<\/h3>\n<h4 style=\"text-align: center;\"><a href=\"https:\/\/www.flowsummit.net\/\" target=\"_blank\" rel=\"noopener\">Die flow! summit<\/a><\/h4>\n<p style=\"text-align: center;\"><strong>Ich und \u00fcber 110 Top-Speaker sind da und es ist 100% kostenlos<\/strong><\/p>\n<p style=\"text-align: center;\"><strong>Hier kannst du jetzt deinen Platz f\u00fcr diese 11-t\u00e4gige Reise sichern:<\/strong><\/p>\n<p style=\"text-align: center;\"><a href=\"https:\/\/www.flowsummit.net\/?ds24_domain=www.digistore24.com\" target=\"_blank\" rel=\"noopener\">Ticket<\/a><\/p>\n<p style=\"text-align: center;\">Die weltweit bekanntesten Mentoren, Speaker, Lehrer und Coaches jetzt in deinem Wohnzimmer!<br \/><br \/><strong>Das Gipfeltreffen der Top- SpeakerInnen<\/strong><br \/>\u00dcber 110 der einflussreichsten Vordenker aus den Bereichen Spiritualit\u00e4t, Pers\u00f6nlichkeitsentwicklung, Heilung, Motivation und Erfolg zeigen dir w\u00e4hrend 11 Tagen, wie du dein Leben im Flow leben kannst!<br \/><br \/><strong>W\u00e4hrend dieser 11 Tage erwarten dich:<\/strong> <br \/>Praktische Tipps &amp; Anleitungen von den besten Experten weltweit<br \/>Meditationen, die dich mit dir selber und der Welt in Einklang bringen<br \/>Inspirationen &amp; Impulse f\u00fcr mehr Balance und Tiefe in deinem Leben<br \/>Tiefgreifende Prozesse zur Aufl\u00f6sung von Blockaden<br \/>Neue Wegweiser auf dem Weg zu deinem wahren Selbst<br \/><br \/>Vom <strong>01. &#8211; 11. M\u00e4rz 2023<\/strong> hast du die M\u00f6glichkeit, kostenlos von den Besten zu lernen. Das ist deine Chance, dein Leben im Flow zu leben und dein wahres Potenzial zu entfalten.<\/p>\n<p>\u00a0<\/p>\n<p style=\"text-align: center;\">Nutze diese Chance und sichere dir jetzt noch einen der <strong><a href=\"https:\/\/www.flowsummit.net\/\" target=\"_blank\" rel=\"noopener\">kostenfreien Pl\u00e4tze<\/a><\/strong> f\u00fcr diesen einmaligen Online-Kongress!<\/p>\n<p style=\"text-align: center;\">Wir ver\u00e4ndern gemeinsam die Welt. Ich freu mich auf dich.<br \/><br \/><strong><span style=\"color: #ff00ff;\"><span style=\"color: #ff99cc;\">(P.s. Indem Christina an diesem Kongress teilnimmt, bedeutet das NICHT, dass sie mit allem, was von s\u00e4mtlichen anderen Speakern gesagt wird, einverstanden ist! Wie immer seid ihr aufgefordert, auf euer HERZ zu h\u00f6ren, um herauszufinden, was f\u00fcr euch G\u00fcltigkeit hat<\/span>)<\/span><\/strong><br \/>\u200a<\/p>\n<hr \/>\n<p style=\"text-align: center;\"><br \/><strong>Und weiterhin erh\u00e4ltlich:<\/strong><\/p>\n<p style=\"text-align: center;\"><br \/>Tickets f\u00fcr die online-Teilnahme sowie Vor-Ort Pl\u00e4tze (F\u00fcr Infos und Anmeldung hierf\u00fcr schreibe bitte eine Mail an team@christinavondreien.ch)<br \/>f\u00fcr den Tag mit<\/p>\n<h1 style=\"text-align: center;\">Christina und Sigrid Beckmann-Lamb<\/h1>\n<p style=\"text-align: center;\">am Samstag, <strong>18. M\u00e4rz<\/strong> im Bregenzerwald,<br \/>10:00 bis 18:00<br \/><strong><a href=\"https:\/\/www.christinavondreien.ch\/events\/wir-sind-das-Licht-der-Welt-christina-von-dreien-28-03-2023-bregenzerwald\" target=\"_blank\" rel=\"noopener\">https:\/\/www.christinavondreien.ch\/events\/wir-sind-das-Licht-der-Welt-christina-von-dreien-28-03-2023-bregenzerwald<\/a><\/strong><\/p>\n<p style=\"text-align: center;\"><br \/>Wie immer k\u00f6nnt ihr (auch dann, wenn ihr schon einmal oder \u00f6fters danach gefragt habt) den Code f\u00fcr eine 50% Erm\u00e4ssigung erfragen unter: events@christinavondreien.ch<\/p>\n<p style=\"text-align: center;\">Wir freuen uns auf euch!!<br \/><br \/><br \/>Von Herzen,<\/p>\n<h1 style=\"text-align: center;\">Eure Christina und Team<\/h1>\n<p>\u00a0<\/p>\n","protected":false},"excerpt":{"rendered":"<p>Ihr Lieben, Wenn wir mehr Licht verbreiten wollen, m\u00fcssen wir nicht unbedingt etwas &#8220;Au\u00dfergew\u00f6hnliches&#8221; tun. Wir k\u00f6nnen in unserem Alltag mehr Licht verbreiten, in dem wir bei den &#8220;kleinen&#8221; Dingen anfangen. Diese &#8220;kleinen&#8221; Dinge k\u00f6nnen dann wiederum andere Menschen dazu inspirieren, das Gleiche zu tun. Wir k\u00f6nnen z.B. : \ud83c\udf38Einen Menschen anl\u00e4cheln, einfach so. \ud83c\udf38Jemanden [&hellip;]<\/p>\n","protected":false},"author":1,"featured_media":16780,"comment_status":"open","ping_status":"closed","sticky":false,"template":"","format":"standard","meta":{"_monsterinsights_skip_tracking":false,"_monsterinsights_sitenote_active":false,"_monsterinsights_sitenote_note":"","_monsterinsights_sitenote_category":0,"jetpack_post_was_ever_published":false,"_jetpack_newsletter_access":"","_jetpack_dont_email_post_to_subs":false,"_jetpack_newsletter_tier_id":0,"_jetpack_memberships_contains_paywalled_content":false,"_jetpack_memberships_contains_paid_content":false,"footnotes":""},"categories":[162,572,573,4,13,34,14],"tags":[624,603,435,433,74],"class_list":{"0":"post-16778","1":"post","2":"type-post","3":"status-publish","4":"format-standard","5":"has-post-thumbnail","7":"category-frontpage","8":"category-academy","9":"category-academy-niveau-1","10":"category-nieuws","11":"category-nieuws-uit-buitenland","12":"category-nieuws-uit-hogere-dimensies","13":"category-spiritualiteit","14":"tag-ascension","15":"tag-ascentie","16":"tag-christina-von-dreien","17":"tag-events","18":"tag-spiritualiteit","19":"czr-hentry"},"aioseo_notices":[],"jetpack_featured_media_url":"https:\/\/i0.wp.com\/www.innovatiefnederland.nl\/nieuws\/wp-content\/uploads\/2023\/02\/Christina-von-Dreien23-1.jpg?fit=650%2C431&ssl=1","jetpack-related-posts":[{"id":9708,"url":"https:\/\/www.innovatiefnederland.nl\/nieuws\/nieuws\/lichtspuren-christina-von-dreien\/","url_meta":{"origin":16778,"position":0},"title":"Lichtspuren | Christina von Dreien","author":"Jurgen Weber","date":"21 oktober 2021","format":false,"excerpt":"Ihr Lieben, Es gibt Situationen, die wir nicht sofort \u00e4ndern k\u00f6nnen, auch wenn wir sie gerne \u00e4ndern w\u00fcrden. Das Einzige, was wir dann tun k\u00f6nnen ist unsere Einstellung dazu zu ver\u00e4ndern. Manchmal \u00e4ndert sich alleine dadurch schon vieles und wir k\u00f6nnen dann einfach besser mit der Situation umgehen, auch wenn\u2026","rel":"","context":"In &quot;AA-Frontpage&quot;","block_context":{"text":"AA-Frontpage","link":"https:\/\/www.innovatiefnederland.nl\/nieuws\/category\/frontpage\/"},"img":{"alt_text":"","src":"https:\/\/i0.wp.com\/www.innovatiefnederland.nl\/nieuws\/wp-content\/uploads\/2021\/10\/lichtspuren.jpg?fit=560%2C561&ssl=1&resize=350%2C200","width":350,"height":200,"srcset":"https:\/\/i0.wp.com\/www.innovatiefnederland.nl\/nieuws\/wp-content\/uploads\/2021\/10\/lichtspuren.jpg?fit=560%2C561&ssl=1&resize=350%2C200 1x, https:\/\/i0.wp.com\/www.innovatiefnederland.nl\/nieuws\/wp-content\/uploads\/2021\/10\/lichtspuren.jpg?fit=560%2C561&ssl=1&resize=525%2C300 1.5x"},"classes":[]},{"id":11191,"url":"https:\/\/www.innovatiefnederland.nl\/nieuws\/nieuws\/wie-wir-bewusst-frieden-schaffen-christina-von-dreien\/","url_meta":{"origin":16778,"position":1},"title":"Wie wir bewusst Frieden schaffen! &#8211; Christina von Dreien","author":"Jurgen Weber","date":"12 maart 2022","format":false,"excerpt":"Wie wir bewusst Frieden schaffen! - Christina von Dreien Wie wir bewusst Frieden schaffen! - Christina von Dreien Christina von Dreien, Botschafterin der Neuen Zeit, sensibilisiert in diesem Vortrag die Menschen f\u00fcr die Machenschaften des Un-Lichtes. Denn das Un-Licht hat nur so lange Macht \u00fcber unser Leben, wie wir uns\u2026","rel":"","context":"In &quot;AA-Frontpage&quot;","block_context":{"text":"AA-Frontpage","link":"https:\/\/www.innovatiefnederland.nl\/nieuws\/category\/frontpage\/"},"img":{"alt_text":"","src":"https:\/\/i0.wp.com\/www.innovatiefnederland.nl\/nieuws\/wp-content\/uploads\/2022\/03\/frieden-schaffen.jpg?fit=838%2C474&ssl=1&resize=350%2C200","width":350,"height":200,"srcset":"https:\/\/i0.wp.com\/www.innovatiefnederland.nl\/nieuws\/wp-content\/uploads\/2022\/03\/frieden-schaffen.jpg?fit=838%2C474&ssl=1&resize=350%2C200 1x, https:\/\/i0.wp.com\/www.innovatiefnederland.nl\/nieuws\/wp-content\/uploads\/2022\/03\/frieden-schaffen.jpg?fit=838%2C474&ssl=1&resize=525%2C300 1.5x, https:\/\/i0.wp.com\/www.innovatiefnederland.nl\/nieuws\/wp-content\/uploads\/2022\/03\/frieden-schaffen.jpg?fit=838%2C474&ssl=1&resize=700%2C400 2x"},"classes":[]},{"id":8370,"url":"https:\/\/www.innovatiefnederland.nl\/nieuws\/nieuws\/newsletter-christina-von-dreien-26-05-2021\/","url_meta":{"origin":16778,"position":2},"title":"Newsletter Christina von Dreien | 26-05-2021","author":"Jurgen Weber","date":"26 mei 2021","format":false,"excerpt":"Unsere positiven Gef\u00fchle (Via onze Duitse site kan je het laten vertalen. Kies in de rechte kolom Nederlands als eerste taal.) Ihr Lieben, Wir sollen ja derzeit von den meisten Medien dahin gelenkt werden, dass wir unseren Fokus auf dem halten, was gerade nicht gut ist auf der Welt. Es\u2026","rel":"","context":"In &quot;AA-Frontpage&quot;","block_context":{"text":"AA-Frontpage","link":"https:\/\/www.innovatiefnederland.nl\/nieuws\/category\/frontpage\/"},"img":{"alt_text":"","src":"https:\/\/i0.wp.com\/www.innovatiefnederland.nl\/nieuws\/wp-content\/uploads\/2021\/05\/Christina-newsletter26-05-21-1.jpg?fit=535%2C402&ssl=1&resize=350%2C200","width":350,"height":200,"srcset":"https:\/\/i0.wp.com\/www.innovatiefnederland.nl\/nieuws\/wp-content\/uploads\/2021\/05\/Christina-newsletter26-05-21-1.jpg?fit=535%2C402&ssl=1&resize=350%2C200 1x, https:\/\/i0.wp.com\/www.innovatiefnederland.nl\/nieuws\/wp-content\/uploads\/2021\/05\/Christina-newsletter26-05-21-1.jpg?fit=535%2C402&ssl=1&resize=525%2C300 1.5x"},"classes":[]},{"id":9959,"url":"https:\/\/www.innovatiefnederland.nl\/nieuws\/nieuws\/newsletter-christina-von-dreien-16-11-2021\/","url_meta":{"origin":16778,"position":3},"title":"Newsletter Christina von Dreien | 16-11-2021","author":"Jurgen Weber","date":"17 november 2021","format":false,"excerpt":"Wir sind hier, um das Licht zu halten Ihr Lieben, Es ist wichtig, dass wir m\u00f6glichst oft daf\u00fcr sorgen, dass es uns gut geht. Das k\u00f6nnen wir zum Beispiel auch dadurch, dass wir uns mit Menschen vernetzen, die \u00e4hnlich denken wie wir. Denn dann sp\u00fcren wir, dass wir gar nicht\u2026","rel":"","context":"In &quot;AA-Frontpage&quot;","block_context":{"text":"AA-Frontpage","link":"https:\/\/www.innovatiefnederland.nl\/nieuws\/category\/frontpage\/"},"img":{"alt_text":"","src":"https:\/\/i0.wp.com\/www.innovatiefnederland.nl\/nieuws\/wp-content\/uploads\/2021\/11\/christina-16-11-21.jpg?fit=571%2C387&ssl=1&resize=350%2C200","width":350,"height":200,"srcset":"https:\/\/i0.wp.com\/www.innovatiefnederland.nl\/nieuws\/wp-content\/uploads\/2021\/11\/christina-16-11-21.jpg?fit=571%2C387&ssl=1&resize=350%2C200 1x, https:\/\/i0.wp.com\/www.innovatiefnederland.nl\/nieuws\/wp-content\/uploads\/2021\/11\/christina-16-11-21.jpg?fit=571%2C387&ssl=1&resize=525%2C300 1.5x"},"classes":[]},{"id":16830,"url":"https:\/\/www.innovatiefnederland.nl\/nieuws\/nieuws\/warum-so-viele-menschen-nicht-wissen-was-sie-wollen-christina-von-dreien\/","url_meta":{"origin":16778,"position":4},"title":"WARUM so viele Menschen NICHT wissen, WAS sie wollen! &#8211; Christina von Dreien","author":"Jurgen Weber","date":"25 februari 2023","format":false,"excerpt":"WARUM so viele Menschen NICHT wissen, WAS sie wollen! - Christina von Dreien WARUM so viele Menschen NICHT wissen, WAS sie wollen! - Christina von Dreien In diesem inspirierenden Video spricht Christina von Dreien \u00fcber ein Thema, das viele von uns besch\u00e4ftigt: Was wollen wir eigentlich im Leben? Sie erkl\u00e4rt,\u2026","rel":"","context":"In &quot;AA-Frontpage&quot;","block_context":{"text":"AA-Frontpage","link":"https:\/\/www.innovatiefnederland.nl\/nieuws\/category\/frontpage\/"},"img":{"alt_text":"","src":"https:\/\/i0.wp.com\/www.innovatiefnederland.nl\/nieuws\/wp-content\/uploads\/2023\/02\/Christina-von-Dreien25.jpg?fit=888%2C481&ssl=1&resize=350%2C200","width":350,"height":200,"srcset":"https:\/\/i0.wp.com\/www.innovatiefnederland.nl\/nieuws\/wp-content\/uploads\/2023\/02\/Christina-von-Dreien25.jpg?fit=888%2C481&ssl=1&resize=350%2C200 1x, https:\/\/i0.wp.com\/www.innovatiefnederland.nl\/nieuws\/wp-content\/uploads\/2023\/02\/Christina-von-Dreien25.jpg?fit=888%2C481&ssl=1&resize=525%2C300 1.5x, https:\/\/i0.wp.com\/www.innovatiefnederland.nl\/nieuws\/wp-content\/uploads\/2023\/02\/Christina-von-Dreien25.jpg?fit=888%2C481&ssl=1&resize=700%2C400 2x"},"classes":[]},{"id":12726,"url":"https:\/\/www.innovatiefnederland.nl\/nieuws\/nieuws\/christina-von-dreien-licht-und-unlicht-und-wird-es-den-aufstieg-wirklich-geben\/","url_meta":{"origin":16778,"position":5},"title":"Christina von Dreien \u201eLicht und Unlicht und wird es den Aufstieg wirklich geben\u201c","author":"Jurgen Weber","date":"1 juni 2022","format":false,"excerpt":"Christina von Dreien \u201eLicht und Unlicht und wird es den Aufstieg wirklich geben\u201c Christina von Dreien \u201eLicht und Unlicht und wird es den Aufstieg wirklich geben\u201c Christina erz\u00e4hlt uns woher sie kommt und die Erinnerung, die sie von der Zeit vor ihrer Inkarnation hier auf der Erde hat.Sie ist als\u2026","rel":"","context":"In &quot;AA-Frontpage&quot;","block_context":{"text":"AA-Frontpage","link":"https:\/\/www.innovatiefnederland.nl\/nieuws\/category\/frontpage\/"},"img":{"alt_text":"","src":"https:\/\/i0.wp.com\/www.innovatiefnederland.nl\/nieuws\/wp-content\/uploads\/2022\/05\/christina-alicia.jpg?fit=888%2C500&ssl=1&resize=350%2C200","width":350,"height":200,"srcset":"https:\/\/i0.wp.com\/www.innovatiefnederland.nl\/nieuws\/wp-content\/uploads\/2022\/05\/christina-alicia.jpg?fit=888%2C500&ssl=1&resize=350%2C200 1x, https:\/\/i0.wp.com\/www.innovatiefnederland.nl\/nieuws\/wp-content\/uploads\/2022\/05\/christina-alicia.jpg?fit=888%2C500&ssl=1&resize=525%2C300 1.5x, https:\/\/i0.wp.com\/www.innovatiefnederland.nl\/nieuws\/wp-content\/uploads\/2022\/05\/christina-alicia.jpg?fit=888%2C500&ssl=1&resize=700%2C400 2x"},"classes":[]}],"jetpack_sharing_enabled":true,"jetpack_likes_enabled":true,"_links":{"self":[{"href":"https:\/\/www.innovatiefnederland.nl\/nieuws\/wp-json\/wp\/v2\/posts\/16778","targetHints":{"allow":["GET"]}}],"collection":[{"href":"https:\/\/www.innovatiefnederland.nl\/nieuws\/wp-json\/wp\/v2\/posts"}],"about":[{"href":"https:\/\/www.innovatiefnederland.nl\/nieuws\/wp-json\/wp\/v2\/types\/post"}],"author":[{"embeddable":true,"href":"https:\/\/www.innovatiefnederland.nl\/nieuws\/wp-json\/wp\/v2\/users\/1"}],"replies":[{"embeddable":true,"href":"https:\/\/www.innovatiefnederland.nl\/nieuws\/wp-json\/wp\/v2\/comments?post=16778"}],"version-history":[{"count":7,"href":"https:\/\/www.innovatiefnederland.nl\/nieuws\/wp-json\/wp\/v2\/posts\/16778\/revisions"}],"predecessor-version":[{"id":16790,"href":"https:\/\/www.innovatiefnederland.nl\/nieuws\/wp-json\/wp\/v2\/posts\/16778\/revisions\/16790"}],"wp:featuredmedia":[{"embeddable":true,"href":"https:\/\/www.innovatiefnederland.nl\/nieuws\/wp-json\/wp\/v2\/media\/16780"}],"wp:attachment":[{"href":"https:\/\/www.innovatiefnederland.nl\/nieuws\/wp-json\/wp\/v2\/media?parent=16778"}],"wp:term":[{"taxonomy":"category","embeddable":true,"href":"https:\/\/www.innovatiefnederland.nl\/nieuws\/wp-json\/wp\/v2\/categories?post=16778"},{"taxonomy":"post_tag","embeddable":true,"href":"https:\/\/www.innovatiefnederland.nl\/nieuws\/wp-json\/wp\/v2\/tags?post=16778"}],"curies":[{"name":"wp","href":"https:\/\/api.w.org\/{rel}","templated":true}]}}