{"id":21777,"date":"2024-04-15T10:05:42","date_gmt":"2024-04-15T08:05:42","guid":{"rendered":"https:\/\/www.innovatiefnederland.nl\/nieuws\/?p=21777"},"modified":"2024-04-15T10:05:45","modified_gmt":"2024-04-15T08:05:45","slug":"die-kraft-des-mudras-und-deiner-absicht-machen-es-moglich","status":"publish","type":"post","link":"https:\/\/www.innovatiefnederland.nl\/nieuws\/nieuws\/die-kraft-des-mudras-und-deiner-absicht-machen-es-moglich\/","title":{"rendered":"Die Kraft des Mudras und deiner Absicht machen es m\u00f6glich"},"content":{"rendered":"\n<h4 class=\"style-scope ytd-watch-metadata\"><a href=\"https:\/\/i0.wp.com\/www.innovatiefnederland.nl\/nieuws\/wp-content\/uploads\/2024\/04\/sandra-546.jpg?ssl=1\"><img data-recalc-dims=\"1\" loading=\"lazy\" decoding=\"async\" class=\"alignright  wp-image-21778\" src=\"https:\/\/i0.wp.com\/www.innovatiefnederland.nl\/nieuws\/wp-content\/uploads\/2024\/04\/sandra-546.jpg?resize=446%2C253&#038;ssl=1\" alt=\"\" width=\"446\" height=\"253\" srcset=\"https:\/\/i0.wp.com\/www.innovatiefnederland.nl\/nieuws\/wp-content\/uploads\/2024\/04\/sandra-546.jpg?resize=600%2C340&amp;ssl=1 600w, https:\/\/i0.wp.com\/www.innovatiefnederland.nl\/nieuws\/wp-content\/uploads\/2024\/04\/sandra-546.jpg?resize=768%2C435&amp;ssl=1 768w, https:\/\/i0.wp.com\/www.innovatiefnederland.nl\/nieuws\/wp-content\/uploads\/2024\/04\/sandra-546.jpg?resize=106%2C60&amp;ssl=1 106w, https:\/\/i0.wp.com\/www.innovatiefnederland.nl\/nieuws\/wp-content\/uploads\/2024\/04\/sandra-546.jpg?resize=159%2C90&amp;ssl=1 159w, https:\/\/i0.wp.com\/www.innovatiefnederland.nl\/nieuws\/wp-content\/uploads\/2024\/04\/sandra-546.jpg?w=888&amp;ssl=1 888w\" sizes=\"auto, (max-width: 446px) 100vw, 446px\" \/><\/a>Die Kraft des Mudras und deiner Absicht machen es m\u00f6glich.<\/h4>\n<h4 class=\"style-scope ytd-watch-metadata\">Die Kraft des Mudras und deiner Absicht machen es m\u00f6glich<\/h4>\n<hr \/>\n<p><span class=\"yt-core-attributed-string--link-inherit-color\">\u2764\ufe0fWebinar am 27.4.24, 13.30 &#8220;Der Umgang mit dem neuen K\u00f6rper&#8221;: <\/span><span class=\"yt-core-attributed-string--link-inherit-color\"><a class=\"yt-core-attributed-string__link yt-core-attributed-string__link--display-type yt-core-attributed-string__link--call-to-action-color\" tabindex=\"0\" href=\"https:\/\/www.youtube.com\/redirect?event=video_description&amp;redir_token=QUFFLUhqblVaYlYyUjNHZUpwaWIyYmhaZG1mRDlGUmJHZ3xBQ3Jtc0tuYy11YkZZQmkwSDZ6SDl3NTdJbE4tMDlEY0E1S1hKamUzckFTbkc5a2dleE1RRm9SRDBtN2ZCOTVOR2sxbVBWalFTeDhiVFZ3QTd0ZGoyNDJXblhNZU5oOU94OGRIb1VRSjB5MFB5dXJxMDhzcGd0Zw&amp;q=https%3A%2F%2Fwww.sandra-werner.at%2Fveranstaltung%2Fwebinar-44-der-umgang-mit-dem-neuen-koerper%2F&amp;v=RqDSXU0s8pQ\" target=\"_blank\" rel=\"nofollow noopener\">https:\/\/www.sandra-werner.at\/veransta&#8230;<\/a><\/span><\/p>\n<p>\u00a0<\/p>\n<p><span class=\"style-scope yt-formatted-string\" dir=\"auto\"><img decoding=\"async\" class=\"emoji\" role=\"img\" draggable=\"false\" src=\"https:\/\/s.w.org\/images\/core\/emoji\/13.1.0\/svg\/1f600.svg\" alt=\"\ud83d\ude00\" \/>\u00a0unser Webshop (Meditationen):\u00a0<\/span><a class=\"yt-simple-endpoint style-scope yt-formatted-string\" dir=\"auto\" spellcheck=\"false\" href=\"https:\/\/www.sandra-werner.at\/shop\/\" target=\"_blank\" rel=\"nofollow noopener\">https:\/\/www.sandra-werner.at\/shop\/<\/a><\/p>\n<p><img decoding=\"async\" class=\"emoji\" role=\"img\" draggable=\"false\" src=\"https:\/\/s.w.org\/images\/core\/emoji\/13.1.0\/svg\/1f506.svg\" alt=\"\ud83d\udd06\" \/>\u00a0auf Telegram bin ihr hier zu finden:\u00a0<a href=\"https:\/\/t.me\/SandraLau333\" target=\"_blank\" rel=\"noopener\">https:\/\/t.me\/SandraLau333<\/a><\/p>\n<p><img decoding=\"async\" class=\"emoji\" role=\"img\" draggable=\"false\" src=\"https:\/\/s.w.org\/images\/core\/emoji\/13.1.0\/svg\/1f506.svg\" alt=\"\ud83d\udd06\" \/>\u00a0Instagram:\u00a0<a href=\"https:\/\/www.instagram.com\/sandralau888\/\" target=\"_blank\" rel=\"noopener\">https:\/\/www.instagram.com\/sandralau888\/<\/a><br \/><img decoding=\"async\" class=\"emoji\" role=\"img\" draggable=\"false\" src=\"https:\/\/s.w.org\/images\/core\/emoji\/13.1.0\/svg\/1f506.svg\" alt=\"\ud83d\udd06\" \/>\u00a0auf Facebook findest du mich hier:\u00a0<a href=\"https:\/\/www.facebook.com\/sandra.lau.10\" target=\"_blank\" rel=\"noopener\">https:\/\/www.facebook.com\/sandra.lau.10<\/a><\/p>\n<p>\u00a0<\/p>\n<p><img decoding=\"async\" class=\"emoji\" role=\"img\" draggable=\"false\" src=\"https:\/\/s.w.org\/images\/core\/emoji\/13.1.0\/svg\/1f42c.svg\" alt=\"\ud83d\udc2c\" \/>\u00a0unsere Website:\u00a0<a href=\"https:\/\/www.sandra-werner.at\/\" target=\"_blank\" rel=\"noopener\">https:\/\/www.sandra-werner.at\/<\/a><\/p>\n<p><img decoding=\"async\" class=\"emoji\" role=\"img\" draggable=\"false\" src=\"https:\/\/s.w.org\/images\/core\/emoji\/13.1.0\/svg\/2764.svg\" alt=\"\u2764\ufe0f\" \/>\u00a0Wertsch\u00e4tzungsbeitrag \u2013 DANKE \u2026\u00a0<img decoding=\"async\" class=\"emoji\" role=\"img\" draggable=\"false\" src=\"https:\/\/s.w.org\/images\/core\/emoji\/13.1.0\/svg\/1f618.svg\" alt=\"\ud83d\ude18\" \/><br \/><a href=\"https:\/\/www.sandra-werner.at\/wertschaetzungsbeitrag\/\" target=\"_blank\" rel=\"noopener\">https:\/\/www.sandra-werner.at\/<\/a><\/p>\n<p><iframe loading=\"lazy\" title=\"Die Kraft des Mudras und deiner Absicht machen es m\u00f6glich.\" width=\"1170\" height=\"658\" src=\"https:\/\/www.youtube.com\/embed\/RqDSXU0s8pQ?feature=oembed\" frameborder=\"0\" allow=\"accelerometer; autoplay; clipboard-write; encrypted-media; gyroscope; picture-in-picture; web-share\" referrerpolicy=\"strict-origin-when-cross-origin\" allowfullscreen><\/iframe><\/p>\n","protected":false},"excerpt":{"rendered":"<p>Die Kraft des Mudras und deiner Absicht machen es m\u00f6glich. Die Kraft des Mudras und deiner Absicht machen es m\u00f6glich \u2764\ufe0fWebinar am 27.4.24, 13.30 &#8220;Der Umgang mit dem neuen K\u00f6rper&#8221;: https:\/\/www.sandra-werner.at\/veransta&#8230; \u00a0 \u00a0unser Webshop (Meditationen):\u00a0https:\/\/www.sandra-werner.at\/shop\/ \u00a0auf Telegram bin ihr hier zu finden:\u00a0https:\/\/t.me\/SandraLau333 \u00a0Instagram:\u00a0https:\/\/www.instagram.com\/sandralau888\/\u00a0auf Facebook findest du mich hier:\u00a0https:\/\/www.facebook.com\/sandra.lau.10 \u00a0 \u00a0unsere Website:\u00a0https:\/\/www.sandra-werner.at\/ \u00a0Wertsch\u00e4tzungsbeitrag \u2013 DANKE \u2026\u00a0https:\/\/www.sandra-werner.at\/<\/p>\n","protected":false},"author":1,"featured_media":21778,"comment_status":"open","ping_status":"closed","sticky":false,"template":"","format":"standard","meta":{"_monsterinsights_skip_tracking":false,"_monsterinsights_sitenote_active":false,"_monsterinsights_sitenote_note":"","_monsterinsights_sitenote_category":0,"jetpack_post_was_ever_published":false,"_jetpack_newsletter_access":"","_jetpack_dont_email_post_to_subs":false,"_jetpack_newsletter_tier_id":0,"_jetpack_memberships_contains_paywalled_content":false,"_jetpack_memberships_contains_paid_content":false,"footnotes":""},"categories":[162,572,573,15,4,13,34,14],"tags":[624,603,275,982],"class_list":["post-21777","post","type-post","status-publish","format-standard","has-post-thumbnail","category-frontpage","category-academy","category-academy-niveau-1","category-channeling","category-nieuws","category-nieuws-uit-buitenland","category-nieuws-uit-hogere-dimensies","category-spiritualiteit","tag-ascension","tag-ascentie","tag-channeling","tag-sandra-lau","czr-hentry"],"aioseo_notices":[],"jetpack_featured_media_url":"https:\/\/i0.wp.com\/www.innovatiefnederland.nl\/nieuws\/wp-content\/uploads\/2024\/04\/sandra-546.jpg?fit=888%2C503&ssl=1","jetpack-related-posts":[{"id":17744,"url":"https:\/\/www.innovatiefnederland.nl\/nieuws\/nieuws\/finanzkrise-kritische-geldlage-rasante-umbruchsphase-botschaft-huter-der-erde\/","url_meta":{"origin":21777,"position":0},"title":"&#8220;Finanzkrise &#8211; kritische Geldlage &#8211; rasante Umbruchsphase&#8221; &#8211; Botschaft H\u00fcter der Erde","author":"Jurgen Weber","date":"10 mei 2023","format":false,"excerpt":"\"Finanzkrise - kritische Geldlage - rasante Umbruchsphase\" - Botschaft H\u00fcter der Erde \"Finanzkrise - kritische Geldlage - rasante Umbruchsphase\" - Botschaft H\u00fcter der Erde Heilaffirmationen: Alles Er-lichtende erf\u00fcllt den Raum der Erde.Ich m\u00f6chte der Erde helfen ihr die erf\u00fcllende Kraft der Auferstehung zuzuf\u00fchren.Das Herz der Erde erf\u00fcllt sich mit der\u2026","rel":"","context":"In &quot;AA-Frontpage&quot;","block_context":{"text":"AA-Frontpage","link":"https:\/\/www.innovatiefnederland.nl\/nieuws\/category\/frontpage\/"},"img":{"alt_text":"","src":"https:\/\/i0.wp.com\/www.innovatiefnederland.nl\/nieuws\/wp-content\/uploads\/2023\/05\/sabine-89.jpg?fit=888%2C574&ssl=1&resize=350%2C200","width":350,"height":200,"srcset":"https:\/\/i0.wp.com\/www.innovatiefnederland.nl\/nieuws\/wp-content\/uploads\/2023\/05\/sabine-89.jpg?fit=888%2C574&ssl=1&resize=350%2C200 1x, https:\/\/i0.wp.com\/www.innovatiefnederland.nl\/nieuws\/wp-content\/uploads\/2023\/05\/sabine-89.jpg?fit=888%2C574&ssl=1&resize=525%2C300 1.5x, https:\/\/i0.wp.com\/www.innovatiefnederland.nl\/nieuws\/wp-content\/uploads\/2023\/05\/sabine-89.jpg?fit=888%2C574&ssl=1&resize=700%2C400 2x"},"classes":[]},{"id":14853,"url":"https:\/\/www.innovatiefnederland.nl\/nieuws\/uncategorized\/channeling-aufstieg-auf-was-ihr-euch-vorbereiten-musst-meister-trismegistos-01-11-2022\/","url_meta":{"origin":21777,"position":1},"title":"Channeling: &#8220;Aufstieg &#8211; Auf was ihr euch vorbereiten m\u00fcsst&#8221; &#8211; Meister Trismegistos, 01.11.2022","author":"Jurgen Weber","date":"2 november 2022","format":false,"excerpt":"Channeling: \"Aufstieg - Auf was ihr euch vorbereiten m\u00fcsst\" - Meister Trismegistos, 01.11.2022 Channeling: \"Aufstieg - Auf was ihr euch vorbereiten m\u00fcsst\" - Meister Trismegistos, 01.11.2022 Hier die Affirmationen: \u2022 Die Liebe Gottes bindet mich an mein Gott-Selbst an das in mir den H\u00f6henflug aktiviert.\u2022 Ich hebe ab und ergebe\u2026","rel":"","context":"In &quot;AA-Frontpage&quot;","block_context":{"text":"AA-Frontpage","link":"https:\/\/www.innovatiefnederland.nl\/nieuws\/category\/frontpage\/"},"img":{"alt_text":"","src":"https:\/\/i0.wp.com\/www.innovatiefnederland.nl\/nieuws\/wp-content\/uploads\/2022\/11\/sabine-35.jpg?fit=837%2C473&ssl=1&resize=350%2C200","width":350,"height":200,"srcset":"https:\/\/i0.wp.com\/www.innovatiefnederland.nl\/nieuws\/wp-content\/uploads\/2022\/11\/sabine-35.jpg?fit=837%2C473&ssl=1&resize=350%2C200 1x, https:\/\/i0.wp.com\/www.innovatiefnederland.nl\/nieuws\/wp-content\/uploads\/2022\/11\/sabine-35.jpg?fit=837%2C473&ssl=1&resize=525%2C300 1.5x, https:\/\/i0.wp.com\/www.innovatiefnederland.nl\/nieuws\/wp-content\/uploads\/2022\/11\/sabine-35.jpg?fit=837%2C473&ssl=1&resize=700%2C400 2x"},"classes":[]},{"id":30199,"url":"https:\/\/www.innovatiefnederland.nl\/nieuws\/nieuws\/danielle-gernandt-turbo-aktivierung-deiner-sternencodes-und-erinnerungen-energie-update-23-03-26\/","url_meta":{"origin":21777,"position":2},"title":"Danielle Gernandt | Turbo Aktivierung deiner Sternencodes &#8211; und Erinnerungen! Energie Update 23.03.26","author":"Jurgen Weber","date":"23 maart 2026","format":false,"excerpt":"Danielle Gernandt gibt wieder aktuelle Informationen zur Zeit der Transformation in uns und um uns herum. Auch hat sie weiter eine wichtige Nachricht von Alpha Centauri. Danielle Gernandt | Turbo Aktivierung deiner Sternencodes - und Erinnerungen! Energie Update 23.03.26 Mehr Video's mit Danielle Gernandt Quelle https:\/\/youtu.be\/X9f-3DhuDWU?si=2_dH9yQ919-rFHey","rel":"","context":"In &quot;AA-Frontpage&quot;","block_context":{"text":"AA-Frontpage","link":"https:\/\/www.innovatiefnederland.nl\/nieuws\/category\/frontpage\/"},"img":{"alt_text":"Danielle Gernandt | Turbo Aktivierung deiner Sternencodes - und Erinnerungen! Energie Update 23.03.26","src":"https:\/\/i0.wp.com\/www.innovatiefnederland.nl\/nieuws\/wp-content\/uploads\/2026\/03\/gernandt-danielle-115.jpg?fit=888%2C501&ssl=1&resize=350%2C200","width":350,"height":200,"srcset":"https:\/\/i0.wp.com\/www.innovatiefnederland.nl\/nieuws\/wp-content\/uploads\/2026\/03\/gernandt-danielle-115.jpg?fit=888%2C501&ssl=1&resize=350%2C200 1x, https:\/\/i0.wp.com\/www.innovatiefnederland.nl\/nieuws\/wp-content\/uploads\/2026\/03\/gernandt-danielle-115.jpg?fit=888%2C501&ssl=1&resize=525%2C300 1.5x, https:\/\/i0.wp.com\/www.innovatiefnederland.nl\/nieuws\/wp-content\/uploads\/2026\/03\/gernandt-danielle-115.jpg?fit=888%2C501&ssl=1&resize=700%2C400 2x"},"classes":[]},{"id":14335,"url":"https:\/\/www.innovatiefnederland.nl\/nieuws\/nieuws\/christina-von-dreien-wir-arbeiten-alle-zusammen\/","url_meta":{"origin":21777,"position":3},"title":"Christina von Dreien | Wir arbeiten alle zusammen..","author":"Jurgen Weber","date":"26 september 2022","format":false,"excerpt":"\u201eWir arbeiten alle zusammen, doch kaum einer bemerkt es Man hat uns eingeredet, dass wir ganz, ganz klein sind, aber wir sind so viel gr\u00f6sser, wir sind multidimensional. Und wir sind auch nicht die einzigen, die eine heile Welt ins Feld setzen. Auch wenn wir uns nicht kennen, sind wir\u2026","rel":"","context":"In &quot;AA-Frontpage&quot;","block_context":{"text":"AA-Frontpage","link":"https:\/\/www.innovatiefnederland.nl\/nieuws\/category\/frontpage\/"},"img":{"alt_text":"","src":"https:\/\/i0.wp.com\/www.innovatiefnederland.nl\/nieuws\/wp-content\/uploads\/2022\/09\/Christina-von-Dreien19.jpg?fit=650%2C655&ssl=1&resize=350%2C200","width":350,"height":200,"srcset":"https:\/\/i0.wp.com\/www.innovatiefnederland.nl\/nieuws\/wp-content\/uploads\/2022\/09\/Christina-von-Dreien19.jpg?fit=650%2C655&ssl=1&resize=350%2C200 1x, https:\/\/i0.wp.com\/www.innovatiefnederland.nl\/nieuws\/wp-content\/uploads\/2022\/09\/Christina-von-Dreien19.jpg?fit=650%2C655&ssl=1&resize=525%2C300 1.5x"},"classes":[]},{"id":9011,"url":"https:\/\/www.innovatiefnederland.nl\/nieuws\/nieuws\/august-21-energie-es-wird-immer-enger-aktivierung-deiner-flugel-nancy-holten\/","url_meta":{"origin":21777,"position":4},"title":"AUGUST 21 ENERGIE | Es wird immer ENGER&#8230; | Aktivierung Deiner Fl\u00fcgel | Nancy Holten","author":"Jurgen Weber","date":"31 juli 2021","format":false,"excerpt":"AUGUST 21 ENERGIE\ud83d\udc8e Es wird immer ENGER... \ud83d\udc8eAktivierung Deiner Fl\u00fcgel AUGUST 21 ENERGIE | Es wird immer ENGER... | Aktivierung Deiner Fl\u00fcgel | Nancy Holten https:\/\/youtu.be\/Tf6TJ55XTMI","rel":"","context":"In &quot;AA-Frontpage&quot;","block_context":{"text":"AA-Frontpage","link":"https:\/\/www.innovatiefnederland.nl\/nieuws\/category\/frontpage\/"},"img":{"alt_text":"","src":"https:\/\/i0.wp.com\/www.innovatiefnederland.nl\/nieuws\/wp-content\/uploads\/2021\/07\/august-vorhersage-nancy.jpg?fit=720%2C405&ssl=1&resize=350%2C200","width":350,"height":200,"srcset":"https:\/\/i0.wp.com\/www.innovatiefnederland.nl\/nieuws\/wp-content\/uploads\/2021\/07\/august-vorhersage-nancy.jpg?fit=720%2C405&ssl=1&resize=350%2C200 1x, https:\/\/i0.wp.com\/www.innovatiefnederland.nl\/nieuws\/wp-content\/uploads\/2021\/07\/august-vorhersage-nancy.jpg?fit=720%2C405&ssl=1&resize=525%2C300 1.5x, https:\/\/i0.wp.com\/www.innovatiefnederland.nl\/nieuws\/wp-content\/uploads\/2021\/07\/august-vorhersage-nancy.jpg?fit=720%2C405&ssl=1&resize=700%2C400 2x"},"classes":[]},{"id":12957,"url":"https:\/\/www.innovatiefnederland.nl\/nieuws\/nieuws\/electra-eine-ruckkehr-in-die-alte-materialistische-gesellschaft-ist-nicht-mehr-moglich\/","url_meta":{"origin":21777,"position":5},"title":"Electra: Eine R\u00fcckkehr in die alte materialistische Gesellschaft ist nicht mehr m\u00f6glich","author":"Jurgen Weber","date":"23 juni 2022","format":false,"excerpt":"Electra: Eine R\u00fcckkehr in die alte materialistische Gesellschaft ist nicht mehr m\u00f6glich Electra: Eine R\u00fcckkehr in die alte materialistische Gesellschaft ist nicht mehr m\u00f6glich \u00a0 \u00a0 https:\/\/youtu.be\/ROM58OxUOQU","rel":"","context":"In &quot;AA-Frontpage&quot;","block_context":{"text":"AA-Frontpage","link":"https:\/\/www.innovatiefnederland.nl\/nieuws\/category\/frontpage\/"},"img":{"alt_text":"","src":"https:\/\/i0.wp.com\/www.innovatiefnederland.nl\/nieuws\/wp-content\/uploads\/2022\/06\/electra-1.jpg?fit=842%2C479&ssl=1&resize=350%2C200","width":350,"height":200,"srcset":"https:\/\/i0.wp.com\/www.innovatiefnederland.nl\/nieuws\/wp-content\/uploads\/2022\/06\/electra-1.jpg?fit=842%2C479&ssl=1&resize=350%2C200 1x, https:\/\/i0.wp.com\/www.innovatiefnederland.nl\/nieuws\/wp-content\/uploads\/2022\/06\/electra-1.jpg?fit=842%2C479&ssl=1&resize=525%2C300 1.5x, https:\/\/i0.wp.com\/www.innovatiefnederland.nl\/nieuws\/wp-content\/uploads\/2022\/06\/electra-1.jpg?fit=842%2C479&ssl=1&resize=700%2C400 2x"},"classes":[]}],"jetpack_sharing_enabled":true,"jetpack_likes_enabled":true,"_links":{"self":[{"href":"https:\/\/www.innovatiefnederland.nl\/nieuws\/wp-json\/wp\/v2\/posts\/21777","targetHints":{"allow":["GET"]}}],"collection":[{"href":"https:\/\/www.innovatiefnederland.nl\/nieuws\/wp-json\/wp\/v2\/posts"}],"about":[{"href":"https:\/\/www.innovatiefnederland.nl\/nieuws\/wp-json\/wp\/v2\/types\/post"}],"author":[{"embeddable":true,"href":"https:\/\/www.innovatiefnederland.nl\/nieuws\/wp-json\/wp\/v2\/users\/1"}],"replies":[{"embeddable":true,"href":"https:\/\/www.innovatiefnederland.nl\/nieuws\/wp-json\/wp\/v2\/comments?post=21777"}],"version-history":[{"count":1,"href":"https:\/\/www.innovatiefnederland.nl\/nieuws\/wp-json\/wp\/v2\/posts\/21777\/revisions"}],"predecessor-version":[{"id":21779,"href":"https:\/\/www.innovatiefnederland.nl\/nieuws\/wp-json\/wp\/v2\/posts\/21777\/revisions\/21779"}],"wp:featuredmedia":[{"embeddable":true,"href":"https:\/\/www.innovatiefnederland.nl\/nieuws\/wp-json\/wp\/v2\/media\/21778"}],"wp:attachment":[{"href":"https:\/\/www.innovatiefnederland.nl\/nieuws\/wp-json\/wp\/v2\/media?parent=21777"}],"wp:term":[{"taxonomy":"category","embeddable":true,"href":"https:\/\/www.innovatiefnederland.nl\/nieuws\/wp-json\/wp\/v2\/categories?post=21777"},{"taxonomy":"post_tag","embeddable":true,"href":"https:\/\/www.innovatiefnederland.nl\/nieuws\/wp-json\/wp\/v2\/tags?post=21777"}],"curies":[{"name":"wp","href":"https:\/\/api.w.org\/{rel}","templated":true}]}}